{"id":641,"date":"2021-03-30T09:16:47","date_gmt":"2021-03-30T09:16:47","guid":{"rendered":"https:\/\/dev.mediadome.at\/fmwtechnik\/?p=641"},"modified":"2021-03-30T09:48:58","modified_gmt":"2021-03-30T09:48:58","slug":"projektleiter-maschinenbau","status":"publish","type":"post","link":"https:\/\/ar-tec.at\/index.php\/2021\/03\/30\/projektleiter-maschinenbau\/","title":{"rendered":"Projektleiter Maschinenbau"},"content":{"rendered":"\t\t<div data-elementor-type=\"wp-post\" data-elementor-id=\"641\" class=\"elementor elementor-641\" data-elementor-post-type=\"post\">\n\t\t\t\t\t\t<section class=\"elementor-section elementor-top-section elementor-element elementor-element-ae0d8e4 elementor-section-full_width elementor-section-height-default elementor-section-height-default\" data-id=\"ae0d8e4\" data-element_type=\"section\" data-e-type=\"section\" data-settings=\"{&quot;background_background&quot;:&quot;classic&quot;}\">\n\t\t\t\t\t\t<div class=\"elementor-container elementor-column-gap-default\">\n\t\t\t\t\t<div class=\"elementor-column elementor-col-33 elementor-top-column elementor-element elementor-element-04f69fe\" data-id=\"04f69fe\" data-element_type=\"column\" data-e-type=\"column\">\n\t\t\t<div class=\"elementor-widget-wrap elementor-element-populated\">\n\t\t\t\t\t\t<div class=\"elementor-element elementor-element-76be5db elementor-widget elementor-widget-theme-site-logo elementor-widget-image\" data-id=\"76be5db\" data-element_type=\"widget\" data-e-type=\"widget\" data-widget_type=\"theme-site-logo.default\">\n\t\t\t\t<div class=\"elementor-widget-container\">\n\t\t\t\t\t\t\t\t\t\t\t<a href=\"https:\/\/ar-tec.at\">\n\t\t\t<img decoding=\"async\" width=\"300\" height=\"86\" src=\"https:\/\/ar-tec.at\/wp-content\/uploads\/2021\/03\/cropped-Artec_Logo_Web_Header-1-300x86.png\" class=\"attachment-medium size-medium wp-image-582\" alt=\"\" srcset=\"https:\/\/ar-tec.at\/wp-content\/uploads\/2021\/03\/cropped-Artec_Logo_Web_Header-1-300x86.png 300w, https:\/\/ar-tec.at\/wp-content\/uploads\/2021\/03\/cropped-Artec_Logo_Web_Header-1.png 382w\" sizes=\"(max-width: 300px) 100vw, 300px\" \/>\t\t\t\t<\/a>\n\t\t\t\t\t\t\t\t\t\t\t<\/div>\n\t\t\t\t<\/div>\n\t\t\t\t\t<\/div>\n\t\t<\/div>\n\t\t\t\t<div class=\"elementor-column elementor-col-33 elementor-top-column elementor-element elementor-element-bd66db9 elementor-hidden-phone\" data-id=\"bd66db9\" data-element_type=\"column\" data-e-type=\"column\">\n\t\t\t<div class=\"elementor-widget-wrap\">\n\t\t\t\t\t\t\t<\/div>\n\t\t<\/div>\n\t\t\t\t<div class=\"elementor-column elementor-col-33 elementor-top-column elementor-element elementor-element-f621387\" data-id=\"f621387\" data-element_type=\"column\" data-e-type=\"column\">\n\t\t\t<div class=\"elementor-widget-wrap elementor-element-populated\">\n\t\t\t\t\t\t<div class=\"elementor-element elementor-element-394144e elementor-nav-menu--stretch elementor-nav-menu__align-end elementor-nav-menu--dropdown-tablet elementor-nav-menu__text-align-aside elementor-nav-menu--toggle elementor-nav-menu--burger elementor-widget elementor-widget-nav-menu\" data-id=\"394144e\" data-element_type=\"widget\" data-e-type=\"widget\" data-settings=\"{&quot;full_width&quot;:&quot;stretch&quot;,&quot;layout&quot;:&quot;horizontal&quot;,&quot;submenu_icon&quot;:{&quot;value&quot;:&quot;&lt;i class=\\&quot;fas fa-caret-down\\&quot; aria-hidden=\\&quot;true\\&quot;&gt;&lt;\\\/i&gt;&quot;,&quot;library&quot;:&quot;fa-solid&quot;},&quot;toggle&quot;:&quot;burger&quot;}\" data-widget_type=\"nav-menu.default\">\n\t\t\t\t<div class=\"elementor-widget-container\">\n\t\t\t\t\t\t\t\t<nav aria-label=\"Men\u00fc\" class=\"elementor-nav-menu--main elementor-nav-menu__container elementor-nav-menu--layout-horizontal e--pointer-underline e--animation-fade\">\n\t\t\t\t<ul id=\"menu-1-394144e\" class=\"elementor-nav-menu\"><li class=\"menu-item menu-item-type-post_type menu-item-object-page menu-item-home menu-item-452\"><a href=\"https:\/\/ar-tec.at\/\" class=\"elementor-item\">Home<\/a><\/li>\n<li class=\"menu-item menu-item-type-custom menu-item-object-custom menu-item-456\"><a href=\"#ueberuns\" class=\"elementor-item elementor-item-anchor\">\u00dcber uns<\/a><\/li>\n<li class=\"menu-item menu-item-type-custom menu-item-object-custom menu-item-460\"><a href=\"#Betaetigungsfeld\" class=\"elementor-item elementor-item-anchor\">Bet\u00e4tigungsfeld<\/a><\/li>\n<li class=\"menu-item menu-item-type-custom menu-item-object-custom menu-item-464\"><a href=\"#Jobs\" class=\"elementor-item elementor-item-anchor\">Jobs<\/a><\/li>\n<li class=\"menu-item menu-item-type-custom menu-item-object-custom menu-item-465\"><a href=\"#Kontakt\" class=\"elementor-item elementor-item-anchor\">Kontakt<\/a><\/li>\n<\/ul>\t\t\t<\/nav>\n\t\t\t\t\t<div class=\"elementor-menu-toggle\" role=\"button\" tabindex=\"0\" aria-label=\"Menu Toggle\" aria-expanded=\"false\">\n\t\t\t<i aria-hidden=\"true\" role=\"presentation\" class=\"elementor-menu-toggle__icon--open eicon-menu-bar\"><\/i><i aria-hidden=\"true\" role=\"presentation\" class=\"elementor-menu-toggle__icon--close eicon-close\"><\/i>\t\t<\/div>\n\t\t\t\t\t<nav class=\"elementor-nav-menu--dropdown elementor-nav-menu__container\" aria-hidden=\"true\">\n\t\t\t\t<ul id=\"menu-2-394144e\" class=\"elementor-nav-menu\"><li class=\"menu-item menu-item-type-post_type menu-item-object-page menu-item-home menu-item-452\"><a href=\"https:\/\/ar-tec.at\/\" class=\"elementor-item\" tabindex=\"-1\">Home<\/a><\/li>\n<li class=\"menu-item menu-item-type-custom menu-item-object-custom menu-item-456\"><a href=\"#ueberuns\" class=\"elementor-item elementor-item-anchor\" tabindex=\"-1\">\u00dcber uns<\/a><\/li>\n<li class=\"menu-item menu-item-type-custom menu-item-object-custom menu-item-460\"><a href=\"#Betaetigungsfeld\" class=\"elementor-item elementor-item-anchor\" tabindex=\"-1\">Bet\u00e4tigungsfeld<\/a><\/li>\n<li class=\"menu-item menu-item-type-custom menu-item-object-custom menu-item-464\"><a href=\"#Jobs\" class=\"elementor-item elementor-item-anchor\" tabindex=\"-1\">Jobs<\/a><\/li>\n<li class=\"menu-item menu-item-type-custom menu-item-object-custom menu-item-465\"><a href=\"#Kontakt\" class=\"elementor-item elementor-item-anchor\" tabindex=\"-1\">Kontakt<\/a><\/li>\n<\/ul>\t\t\t<\/nav>\n\t\t\t\t\t\t<\/div>\n\t\t\t\t<\/div>\n\t\t\t\t\t<\/div>\n\t\t<\/div>\n\t\t\t\t\t<\/div>\n\t\t<\/section>\n\t\t\t\t<section class=\"elementor-section elementor-top-section elementor-element elementor-element-d2e728c elementor-section-boxed elementor-section-height-default elementor-section-height-default\" data-id=\"d2e728c\" data-element_type=\"section\" data-e-type=\"section\">\n\t\t\t\t\t\t<div class=\"elementor-container elementor-column-gap-default\">\n\t\t\t\t\t<div class=\"elementor-column elementor-col-100 elementor-top-column elementor-element elementor-element-70eb939\" data-id=\"70eb939\" data-element_type=\"column\" data-e-type=\"column\">\n\t\t\t<div class=\"elementor-widget-wrap elementor-element-populated\">\n\t\t\t\t\t\t<div class=\"elementor-element elementor-element-778606c elementor-widget elementor-widget-spacer\" data-id=\"778606c\" data-element_type=\"widget\" data-e-type=\"widget\" data-widget_type=\"spacer.default\">\n\t\t\t\t<div class=\"elementor-widget-container\">\n\t\t\t\t\t\t\t<div class=\"elementor-spacer\">\n\t\t\t<div class=\"elementor-spacer-inner\"><\/div>\n\t\t<\/div>\n\t\t\t\t\t\t<\/div>\n\t\t\t\t<\/div>\n\t\t\t\t<div class=\"elementor-element elementor-element-054ad76 elementor-widget elementor-widget-heading\" data-id=\"054ad76\" data-element_type=\"widget\" data-e-type=\"widget\" data-widget_type=\"heading.default\">\n\t\t\t\t<div class=\"elementor-widget-container\">\n\t\t\t\t\t<h2 class=\"elementor-heading-title elementor-size-default\">Projektleiter Maschinenbau<\/h2>\t\t\t\t<\/div>\n\t\t\t\t<\/div>\n\t\t\t\t<div class=\"elementor-element elementor-element-d2199ce elementor-widget elementor-widget-text-editor\" data-id=\"d2199ce\" data-element_type=\"widget\" data-e-type=\"widget\" data-widget_type=\"text-editor.default\">\n\t\t\t\t<div class=\"elementor-widget-container\">\n\t\t\t\t\t\t\t\t\t<p>Er ist verantwortlich f\u00fcr die Akquisition und Betreuung der Kunden, Einteilung und Auslastung der Mitarbeiter und die Weiterentwicklung des Segmentes gem\u00e4\u00df Zielvorgaben des Gesch\u00e4ftsbereichs.<\/p><p><strong>Verantwortungsbereich:<\/strong><\/p><ul><li>Erreichen der Ziel- und Budgetvorgaben<\/li><li>Sicherstellung der Arbeitsauslastung<\/li><li>Leitung und Verantwortung f\u00fcr die ihm unterstellen Mitarbeiter inkl. erstellen der Mitarbeiterbeurteilungen<\/li><li>Verantwortlich f\u00fcr die wirtschaftliche Einsatzplanung der zugeteilten Mitarbeiter<\/li><li>Verantwortlich f\u00fcr die Erbringung von qualitativ hoch stehenden Installationen<\/li><\/ul><p>\u00a0<\/p><p><strong>Hauptaufgaben:<\/strong><\/p><p>Der Stelleninhaber verf\u00fcgt \u00fcber die notwendigen Qualifikationen und Kompetenzen, um die nachfolgend aufgef\u00fchrten Aufgaben zu erf\u00fcllen:<\/p><ul><li>Auftragsgewinnung<\/li><li>Hohe Reisebereitschaft<\/li><li>\u00d6ffentlichkeitsarbeit und Kundenpflege<\/li><li>Neukunden Akquisition<\/li><li>Ausarbeiten von Projekten und Konzepten<\/li><li>Auftragsabwicklung von der Offert Stellung bis zur Abrechnung<\/li><li>Einhaltung und Kontrolle der festgelegten Termine<\/li><li>Korrekte Erledigung des Rapport- und Ausma\u00df Wesens<\/li><li>Auftragsbezogene Unterlagen f\u00fcr die Abrechnung vorbereiten und revidieren<\/li><li>Zus\u00e4tze rechtzeitig mit Kunde besprechen und die Erstellung von Nachtr\u00e4gen veranlassen<\/li><li>Kundeninstruktion von installierten Anlagen<\/li><li>Materialbewirtschaftung<\/li><li>Sicherstellung der optimalen Ausr\u00fcstung f\u00fcr die Aufgabenerf\u00fcllung<\/li><li>Kontrolle &amp; Einsatzbereitschaft von Pr\u00fcfmitteln, Ger\u00e4tschaften und Fahrzeugen sicherstellen<\/li><li>Erlassen und kontrollieren von baustelleninternen Weisungen in Absprache mit Vorgesetztem<\/li><li>Erscheinungsbild der Unternehmung optimal um- und durchsetzen<\/li><li>Erstellen der Mitarbeiterbeurteilungen<\/li><li>Sicherstellen der fachlichen und pers\u00f6nlichen Weiterbildung f\u00fcr die Aufgabenerf\u00fcllung<\/li><li>Sicherstellen und \u00fcberpr\u00fcfen der praktischen Ausbildung und fachbezogenen Weiterbildung der zugeteilten Mitarbeiter Anforderungen<\/li><li>Sicherheitswesen<\/li><li>Erfahrung in Mitarbeiterf\u00fchrung und F\u00e4higkeit zur Mitarbeitermotivation<\/li><li>hohe Kundenorientierung<\/li><li>seri\u00f6se und verantwortungsbewusste Arbeitsweise<\/li><li>kostenbewusst und zielorientiert<\/li><li>kommunikativ und teamf\u00e4hig<\/li><li>belastbar und flexibel<\/li><li>Eigeninitiative und Bereitschaft Besonderes zu leisten<\/li><li>sicheres und gepflegtes Auftreten Aus- \/ Weiterbildung<\/li><li>Sicherheitsberater \/ Projektleiter (oder in Ausbildung)<\/li><li>abgeschlossene Kurse f\u00fcr aktuelle Maschinenbauvorschriften Fachliches K\u00f6nnen \/ Berufserfahrung<\/li><li>min. 2 Jahre Erfahrung in Personalf\u00fchrung<\/li><li>min. 2 Jahre Erfahrung in Projektleitung (Administration &amp; Finanzen)<\/li><\/ul><p>\u00a0<\/p><p><strong>Wir bieten:<\/strong><\/p><ul><li>F\u00f6rderung und Weiterentwicklung Ihrer St\u00e4rken<\/li><li>Selbst\u00e4ndige sowie kreatives Arbeitsm\u00f6glichkeit<\/li><li>Unterst\u00fctzung durch vorhandenes Kundennetz<\/li><li>Firmenauto mit Privatnutzung.<\/li><li>Zus\u00e4tzliches Homeoffice<\/li><li>T\u00e4tigkeit in einem stetig wachsenden, innovativen mittelst\u00e4ndischen Unternehmen innerhalb einer hochtechnologischen Gruppe<\/li><li>Ein moderner Arbeitsplatz<\/li><li>Teamorientiertes Arbeiten in einem kreativen Umfeld<\/li><li>Freiheiten, Ihre Ideen umzusetzen<\/li><li>Ein angenehmes und motivierendes Betriebsklima<\/li><li>Kurze Entscheidungswege<\/li><li>Eine leistungsbezogene Entlohnung<\/li><\/ul>\t\t\t\t\t\t\t\t<\/div>\n\t\t\t\t<\/div>\n\t\t\t\t<div class=\"elementor-element elementor-element-c5aa46c elementor-widget elementor-widget-spacer\" data-id=\"c5aa46c\" data-element_type=\"widget\" data-e-type=\"widget\" data-widget_type=\"spacer.default\">\n\t\t\t\t<div class=\"elementor-widget-container\">\n\t\t\t\t\t\t\t<div class=\"elementor-spacer\">\n\t\t\t<div class=\"elementor-spacer-inner\"><\/div>\n\t\t<\/div>\n\t\t\t\t\t\t<\/div>\n\t\t\t\t<\/div>\n\t\t\t\t\t<\/div>\n\t\t<\/div>\n\t\t\t\t\t<\/div>\n\t\t<\/section>\n\t\t\t\t<section class=\"elementor-section elementor-top-section elementor-element elementor-element-541c1c74 elementor-section-content-middle elementor-section-boxed elementor-section-height-default elementor-section-height-default\" data-id=\"541c1c74\" data-element_type=\"section\" data-e-type=\"section\" data-settings=\"{&quot;background_background&quot;:&quot;classic&quot;}\">\n\t\t\t\t\t\t<div class=\"elementor-container elementor-column-gap-wide\">\n\t\t\t\t\t<div class=\"elementor-column elementor-col-33 elementor-top-column elementor-element elementor-element-30b96974\" data-id=\"30b96974\" data-element_type=\"column\" data-e-type=\"column\">\n\t\t\t<div class=\"elementor-widget-wrap elementor-element-populated\">\n\t\t\t\t\t\t<div class=\"elementor-element elementor-element-1ac5568a elementor-widget elementor-widget-text-editor\" data-id=\"1ac5568a\" data-element_type=\"widget\" data-e-type=\"widget\" data-widget_type=\"text-editor.default\">\n\t\t\t\t<div class=\"elementor-widget-container\">\n\t\t\t\t\t\t\t\t\t<p>\u00a9 2021\u00a0<a href=\"http:\/\/mediadome.at\" target=\"_blank\" rel=\"noopener\">Mediadome<\/a> Werbeagentur \u2022 All Rights Reserved<\/p>\t\t\t\t\t\t\t\t<\/div>\n\t\t\t\t<\/div>\n\t\t\t\t<div class=\"elementor-element elementor-element-14456e54 elementor-widget elementor-widget-text-editor\" data-id=\"14456e54\" data-element_type=\"widget\" data-e-type=\"widget\" data-widget_type=\"text-editor.default\">\n\t\t\t\t<div class=\"elementor-widget-container\">\n\t\t\t\t\t\t\t\t\t<p><a href=\"https:\/\/ar-tec.at\/index.php\/impressum\/\">Impressum<\/a> | <a href=\"https:\/\/ar-tec.at\/index.php\/privacy-policy\/\">Datenschutz<\/a><\/p>\t\t\t\t\t\t\t\t<\/div>\n\t\t\t\t<\/div>\n\t\t\t\t\t<\/div>\n\t\t<\/div>\n\t\t\t\t<div class=\"elementor-column elementor-col-33 elementor-top-column elementor-element elementor-element-7e9b1ed1\" data-id=\"7e9b1ed1\" data-element_type=\"column\" data-e-type=\"column\">\n\t\t\t<div class=\"elementor-widget-wrap elementor-element-populated\">\n\t\t\t\t\t\t<div class=\"elementor-element elementor-element-5930be22 elementor-widget elementor-widget-theme-site-logo elementor-widget-image\" data-id=\"5930be22\" data-element_type=\"widget\" data-e-type=\"widget\" data-widget_type=\"theme-site-logo.default\">\n\t\t\t\t<div class=\"elementor-widget-container\">\n\t\t\t\t\t\t\t\t\t\t\t<a href=\"https:\/\/ar-tec.at\">\n\t\t\t<img decoding=\"async\" width=\"382\" height=\"109\" src=\"https:\/\/ar-tec.at\/wp-content\/uploads\/2021\/03\/cropped-Artec_Logo_Web_Header-1.png\" class=\"attachment-full size-full wp-image-582\" alt=\"\" srcset=\"https:\/\/ar-tec.at\/wp-content\/uploads\/2021\/03\/cropped-Artec_Logo_Web_Header-1.png 382w, https:\/\/ar-tec.at\/wp-content\/uploads\/2021\/03\/cropped-Artec_Logo_Web_Header-1-300x86.png 300w\" sizes=\"(max-width: 382px) 100vw, 382px\" \/>\t\t\t\t<\/a>\n\t\t\t\t\t\t\t\t\t\t\t<\/div>\n\t\t\t\t<\/div>\n\t\t\t\t\t<\/div>\n\t\t<\/div>\n\t\t\t\t<div class=\"elementor-column elementor-col-33 elementor-top-column elementor-element elementor-element-5c7946cd\" data-id=\"5c7946cd\" data-element_type=\"column\" data-e-type=\"column\">\n\t\t\t<div class=\"elementor-widget-wrap\">\n\t\t\t\t\t\t\t<\/div>\n\t\t<\/div>\n\t\t\t\t\t<\/div>\n\t\t<\/section>\n\t\t\t\t<\/div>\n\t\t","protected":false},"excerpt":{"rendered":"<p>Projektleiter Maschinenbau Er ist verantwortlich f\u00fcr die Akquisition und Betreuung der Kunden, Einteilung und Auslastung der Mitarbeiter und die Weiterentwicklung des Segmentes gem\u00e4\u00df Zielvorgaben des Gesch\u00e4ftsbereichs. Verantwortungsbereich: Erreichen der Ziel- und Budgetvorgaben Sicherstellung der Arbeitsauslastung Leitung und Verantwortung f\u00fcr die ihm unterstellen Mitarbeiter inkl. erstellen der Mitarbeiterbeurteilungen Verantwortlich f\u00fcr die wirtschaftliche Einsatzplanung der zugeteilten Mitarbeiter [&hellip;]<\/p>\n","protected":false},"author":1,"featured_media":590,"comment_status":"closed","ping_status":"closed","sticky":false,"template":"","format":"standard","meta":{"_monsterinsights_skip_tracking":false,"_monsterinsights_sitenote_active":false,"_monsterinsights_sitenote_note":"","_monsterinsights_sitenote_category":0,"footnotes":""},"categories":[1],"tags":[],"class_list":["post-641","post","type-post","status-publish","format-standard","has-post-thumbnail","hentry","category-uncategorized"],"yoast_head":"<!-- This site is optimized with the Yoast SEO plugin v27.5 - https:\/\/yoast.com\/product\/yoast-seo-wordpress\/ -->\n<title>Projektleiter Maschinenbau - ArTec GmbH<\/title>\n<meta name=\"robots\" content=\"index, follow, max-snippet:-1, max-image-preview:large, max-video-preview:-1\" \/>\n<link rel=\"canonical\" href=\"https:\/\/ar-tec.at\/index.php\/2021\/03\/30\/projektleiter-maschinenbau\/\" \/>\n<meta property=\"og:locale\" content=\"de_DE\" \/>\n<meta property=\"og:type\" content=\"article\" \/>\n<meta property=\"og:title\" content=\"Projektleiter Maschinenbau - ArTec GmbH\" \/>\n<meta property=\"og:description\" content=\"Projektleiter Maschinenbau Er ist verantwortlich f\u00fcr die Akquisition und Betreuung der Kunden, Einteilung und Auslastung der Mitarbeiter und die Weiterentwicklung des Segmentes gem\u00e4\u00df Zielvorgaben des Gesch\u00e4ftsbereichs. Verantwortungsbereich: Erreichen der Ziel- und Budgetvorgaben Sicherstellung der Arbeitsauslastung Leitung und Verantwortung f\u00fcr die ihm unterstellen Mitarbeiter inkl. erstellen der Mitarbeiterbeurteilungen Verantwortlich f\u00fcr die wirtschaftliche Einsatzplanung der zugeteilten Mitarbeiter [&hellip;]\" \/>\n<meta property=\"og:url\" content=\"https:\/\/ar-tec.at\/index.php\/2021\/03\/30\/projektleiter-maschinenbau\/\" \/>\n<meta property=\"og:site_name\" content=\"ArTec GmbH\" \/>\n<meta property=\"article:published_time\" content=\"2021-03-30T09:16:47+00:00\" \/>\n<meta property=\"article:modified_time\" content=\"2021-03-30T09:48:58+00:00\" \/>\n<meta property=\"og:image\" content=\"https:\/\/ar-tec.at\/wp-content\/uploads\/2021\/03\/projektleiter.jpeg\" \/>\n\t<meta property=\"og:image:width\" content=\"837\" \/>\n\t<meta property=\"og:image:height\" content=\"573\" \/>\n\t<meta property=\"og:image:type\" content=\"image\/jpeg\" \/>\n<meta name=\"author\" content=\"admin\" \/>\n<meta name=\"twitter:card\" content=\"summary_large_image\" \/>\n<meta name=\"twitter:label1\" content=\"Verfasst von\" \/>\n\t<meta name=\"twitter:data1\" content=\"admin\" \/>\n\t<meta name=\"twitter:label2\" content=\"Gesch\u00e4tzte Lesezeit\" \/>\n\t<meta name=\"twitter:data2\" content=\"2\u00a0Minuten\" \/>\n<script type=\"application\/ld+json\" class=\"yoast-schema-graph\">{\"@context\":\"https:\\\/\\\/schema.org\",\"@graph\":[{\"@type\":\"Article\",\"@id\":\"https:\\\/\\\/ar-tec.at\\\/index.php\\\/2021\\\/03\\\/30\\\/projektleiter-maschinenbau\\\/#article\",\"isPartOf\":{\"@id\":\"https:\\\/\\\/ar-tec.at\\\/index.php\\\/2021\\\/03\\\/30\\\/projektleiter-maschinenbau\\\/\"},\"author\":{\"name\":\"admin\",\"@id\":\"https:\\\/\\\/ar-tec.at\\\/#\\\/schema\\\/person\\\/2ab7423adbcff23d736bb8d2d457d632\"},\"headline\":\"Projektleiter Maschinenbau\",\"datePublished\":\"2021-03-30T09:16:47+00:00\",\"dateModified\":\"2021-03-30T09:48:58+00:00\",\"mainEntityOfPage\":{\"@id\":\"https:\\\/\\\/ar-tec.at\\\/index.php\\\/2021\\\/03\\\/30\\\/projektleiter-maschinenbau\\\/\"},\"wordCount\":358,\"publisher\":{\"@id\":\"https:\\\/\\\/ar-tec.at\\\/#organization\"},\"image\":{\"@id\":\"https:\\\/\\\/ar-tec.at\\\/index.php\\\/2021\\\/03\\\/30\\\/projektleiter-maschinenbau\\\/#primaryimage\"},\"thumbnailUrl\":\"https:\\\/\\\/ar-tec.at\\\/wp-content\\\/uploads\\\/2021\\\/03\\\/projektleiter.jpeg\",\"articleSection\":[\"Uncategorized\"],\"inLanguage\":\"de\"},{\"@type\":\"WebPage\",\"@id\":\"https:\\\/\\\/ar-tec.at\\\/index.php\\\/2021\\\/03\\\/30\\\/projektleiter-maschinenbau\\\/\",\"url\":\"https:\\\/\\\/ar-tec.at\\\/index.php\\\/2021\\\/03\\\/30\\\/projektleiter-maschinenbau\\\/\",\"name\":\"Projektleiter Maschinenbau - ArTec GmbH\",\"isPartOf\":{\"@id\":\"https:\\\/\\\/ar-tec.at\\\/#website\"},\"primaryImageOfPage\":{\"@id\":\"https:\\\/\\\/ar-tec.at\\\/index.php\\\/2021\\\/03\\\/30\\\/projektleiter-maschinenbau\\\/#primaryimage\"},\"image\":{\"@id\":\"https:\\\/\\\/ar-tec.at\\\/index.php\\\/2021\\\/03\\\/30\\\/projektleiter-maschinenbau\\\/#primaryimage\"},\"thumbnailUrl\":\"https:\\\/\\\/ar-tec.at\\\/wp-content\\\/uploads\\\/2021\\\/03\\\/projektleiter.jpeg\",\"datePublished\":\"2021-03-30T09:16:47+00:00\",\"dateModified\":\"2021-03-30T09:48:58+00:00\",\"breadcrumb\":{\"@id\":\"https:\\\/\\\/ar-tec.at\\\/index.php\\\/2021\\\/03\\\/30\\\/projektleiter-maschinenbau\\\/#breadcrumb\"},\"inLanguage\":\"de\",\"potentialAction\":[{\"@type\":\"ReadAction\",\"target\":[\"https:\\\/\\\/ar-tec.at\\\/index.php\\\/2021\\\/03\\\/30\\\/projektleiter-maschinenbau\\\/\"]}]},{\"@type\":\"ImageObject\",\"inLanguage\":\"de\",\"@id\":\"https:\\\/\\\/ar-tec.at\\\/index.php\\\/2021\\\/03\\\/30\\\/projektleiter-maschinenbau\\\/#primaryimage\",\"url\":\"https:\\\/\\\/ar-tec.at\\\/wp-content\\\/uploads\\\/2021\\\/03\\\/projektleiter.jpeg\",\"contentUrl\":\"https:\\\/\\\/ar-tec.at\\\/wp-content\\\/uploads\\\/2021\\\/03\\\/projektleiter.jpeg\",\"width\":837,\"height\":573},{\"@type\":\"BreadcrumbList\",\"@id\":\"https:\\\/\\\/ar-tec.at\\\/index.php\\\/2021\\\/03\\\/30\\\/projektleiter-maschinenbau\\\/#breadcrumb\",\"itemListElement\":[{\"@type\":\"ListItem\",\"position\":1,\"name\":\"Home\",\"item\":\"https:\\\/\\\/ar-tec.at\\\/\"},{\"@type\":\"ListItem\",\"position\":2,\"name\":\"Projektleiter Maschinenbau\"}]},{\"@type\":\"WebSite\",\"@id\":\"https:\\\/\\\/ar-tec.at\\\/#website\",\"url\":\"https:\\\/\\\/ar-tec.at\\\/\",\"name\":\"ArTec GmbH\",\"description\":\"\",\"publisher\":{\"@id\":\"https:\\\/\\\/ar-tec.at\\\/#organization\"},\"potentialAction\":[{\"@type\":\"SearchAction\",\"target\":{\"@type\":\"EntryPoint\",\"urlTemplate\":\"https:\\\/\\\/ar-tec.at\\\/?s={search_term_string}\"},\"query-input\":{\"@type\":\"PropertyValueSpecification\",\"valueRequired\":true,\"valueName\":\"search_term_string\"}}],\"inLanguage\":\"de\"},{\"@type\":\"Organization\",\"@id\":\"https:\\\/\\\/ar-tec.at\\\/#organization\",\"name\":\"ArTec GmbH\",\"url\":\"https:\\\/\\\/ar-tec.at\\\/\",\"logo\":{\"@type\":\"ImageObject\",\"inLanguage\":\"de\",\"@id\":\"https:\\\/\\\/ar-tec.at\\\/#\\\/schema\\\/logo\\\/image\\\/\",\"url\":\"https:\\\/\\\/ar-tec.at\\\/wp-content\\\/uploads\\\/2021\\\/03\\\/cropped-Artec_Logo_Web_Header-1.png\",\"contentUrl\":\"https:\\\/\\\/ar-tec.at\\\/wp-content\\\/uploads\\\/2021\\\/03\\\/cropped-Artec_Logo_Web_Header-1.png\",\"width\":382,\"height\":109,\"caption\":\"ArTec GmbH\"},\"image\":{\"@id\":\"https:\\\/\\\/ar-tec.at\\\/#\\\/schema\\\/logo\\\/image\\\/\"}},{\"@type\":\"Person\",\"@id\":\"https:\\\/\\\/ar-tec.at\\\/#\\\/schema\\\/person\\\/2ab7423adbcff23d736bb8d2d457d632\",\"name\":\"admin\",\"image\":{\"@type\":\"ImageObject\",\"inLanguage\":\"de\",\"@id\":\"https:\\\/\\\/secure.gravatar.com\\\/avatar\\\/13c59355c4081ce67ace8cddcb7fcc6554e4458cc17a320dd54e687bc80810a4?s=96&d=mm&r=g\",\"url\":\"https:\\\/\\\/secure.gravatar.com\\\/avatar\\\/13c59355c4081ce67ace8cddcb7fcc6554e4458cc17a320dd54e687bc80810a4?s=96&d=mm&r=g\",\"contentUrl\":\"https:\\\/\\\/secure.gravatar.com\\\/avatar\\\/13c59355c4081ce67ace8cddcb7fcc6554e4458cc17a320dd54e687bc80810a4?s=96&d=mm&r=g\",\"caption\":\"admin\"},\"sameAs\":[\"https:\\\/\\\/ar-tec.at\"],\"url\":\"https:\\\/\\\/ar-tec.at\\\/index.php\\\/author\\\/mediadome\\\/\"}]}<\/script>\n<!-- \/ Yoast SEO plugin. -->","yoast_head_json":{"title":"Projektleiter Maschinenbau - ArTec GmbH","robots":{"index":"index","follow":"follow","max-snippet":"max-snippet:-1","max-image-preview":"max-image-preview:large","max-video-preview":"max-video-preview:-1"},"canonical":"https:\/\/ar-tec.at\/index.php\/2021\/03\/30\/projektleiter-maschinenbau\/","og_locale":"de_DE","og_type":"article","og_title":"Projektleiter Maschinenbau - ArTec GmbH","og_description":"Projektleiter Maschinenbau Er ist verantwortlich f\u00fcr die Akquisition und Betreuung der Kunden, Einteilung und Auslastung der Mitarbeiter und die Weiterentwicklung des Segmentes gem\u00e4\u00df Zielvorgaben des Gesch\u00e4ftsbereichs. Verantwortungsbereich: Erreichen der Ziel- und Budgetvorgaben Sicherstellung der Arbeitsauslastung Leitung und Verantwortung f\u00fcr die ihm unterstellen Mitarbeiter inkl. erstellen der Mitarbeiterbeurteilungen Verantwortlich f\u00fcr die wirtschaftliche Einsatzplanung der zugeteilten Mitarbeiter [&hellip;]","og_url":"https:\/\/ar-tec.at\/index.php\/2021\/03\/30\/projektleiter-maschinenbau\/","og_site_name":"ArTec GmbH","article_published_time":"2021-03-30T09:16:47+00:00","article_modified_time":"2021-03-30T09:48:58+00:00","og_image":[{"width":837,"height":573,"url":"https:\/\/ar-tec.at\/wp-content\/uploads\/2021\/03\/projektleiter.jpeg","type":"image\/jpeg"}],"author":"admin","twitter_card":"summary_large_image","twitter_misc":{"Verfasst von":"admin","Gesch\u00e4tzte Lesezeit":"2\u00a0Minuten"},"schema":{"@context":"https:\/\/schema.org","@graph":[{"@type":"Article","@id":"https:\/\/ar-tec.at\/index.php\/2021\/03\/30\/projektleiter-maschinenbau\/#article","isPartOf":{"@id":"https:\/\/ar-tec.at\/index.php\/2021\/03\/30\/projektleiter-maschinenbau\/"},"author":{"name":"admin","@id":"https:\/\/ar-tec.at\/#\/schema\/person\/2ab7423adbcff23d736bb8d2d457d632"},"headline":"Projektleiter Maschinenbau","datePublished":"2021-03-30T09:16:47+00:00","dateModified":"2021-03-30T09:48:58+00:00","mainEntityOfPage":{"@id":"https:\/\/ar-tec.at\/index.php\/2021\/03\/30\/projektleiter-maschinenbau\/"},"wordCount":358,"publisher":{"@id":"https:\/\/ar-tec.at\/#organization"},"image":{"@id":"https:\/\/ar-tec.at\/index.php\/2021\/03\/30\/projektleiter-maschinenbau\/#primaryimage"},"thumbnailUrl":"https:\/\/ar-tec.at\/wp-content\/uploads\/2021\/03\/projektleiter.jpeg","articleSection":["Uncategorized"],"inLanguage":"de"},{"@type":"WebPage","@id":"https:\/\/ar-tec.at\/index.php\/2021\/03\/30\/projektleiter-maschinenbau\/","url":"https:\/\/ar-tec.at\/index.php\/2021\/03\/30\/projektleiter-maschinenbau\/","name":"Projektleiter Maschinenbau - ArTec GmbH","isPartOf":{"@id":"https:\/\/ar-tec.at\/#website"},"primaryImageOfPage":{"@id":"https:\/\/ar-tec.at\/index.php\/2021\/03\/30\/projektleiter-maschinenbau\/#primaryimage"},"image":{"@id":"https:\/\/ar-tec.at\/index.php\/2021\/03\/30\/projektleiter-maschinenbau\/#primaryimage"},"thumbnailUrl":"https:\/\/ar-tec.at\/wp-content\/uploads\/2021\/03\/projektleiter.jpeg","datePublished":"2021-03-30T09:16:47+00:00","dateModified":"2021-03-30T09:48:58+00:00","breadcrumb":{"@id":"https:\/\/ar-tec.at\/index.php\/2021\/03\/30\/projektleiter-maschinenbau\/#breadcrumb"},"inLanguage":"de","potentialAction":[{"@type":"ReadAction","target":["https:\/\/ar-tec.at\/index.php\/2021\/03\/30\/projektleiter-maschinenbau\/"]}]},{"@type":"ImageObject","inLanguage":"de","@id":"https:\/\/ar-tec.at\/index.php\/2021\/03\/30\/projektleiter-maschinenbau\/#primaryimage","url":"https:\/\/ar-tec.at\/wp-content\/uploads\/2021\/03\/projektleiter.jpeg","contentUrl":"https:\/\/ar-tec.at\/wp-content\/uploads\/2021\/03\/projektleiter.jpeg","width":837,"height":573},{"@type":"BreadcrumbList","@id":"https:\/\/ar-tec.at\/index.php\/2021\/03\/30\/projektleiter-maschinenbau\/#breadcrumb","itemListElement":[{"@type":"ListItem","position":1,"name":"Home","item":"https:\/\/ar-tec.at\/"},{"@type":"ListItem","position":2,"name":"Projektleiter Maschinenbau"}]},{"@type":"WebSite","@id":"https:\/\/ar-tec.at\/#website","url":"https:\/\/ar-tec.at\/","name":"ArTec GmbH","description":"","publisher":{"@id":"https:\/\/ar-tec.at\/#organization"},"potentialAction":[{"@type":"SearchAction","target":{"@type":"EntryPoint","urlTemplate":"https:\/\/ar-tec.at\/?s={search_term_string}"},"query-input":{"@type":"PropertyValueSpecification","valueRequired":true,"valueName":"search_term_string"}}],"inLanguage":"de"},{"@type":"Organization","@id":"https:\/\/ar-tec.at\/#organization","name":"ArTec GmbH","url":"https:\/\/ar-tec.at\/","logo":{"@type":"ImageObject","inLanguage":"de","@id":"https:\/\/ar-tec.at\/#\/schema\/logo\/image\/","url":"https:\/\/ar-tec.at\/wp-content\/uploads\/2021\/03\/cropped-Artec_Logo_Web_Header-1.png","contentUrl":"https:\/\/ar-tec.at\/wp-content\/uploads\/2021\/03\/cropped-Artec_Logo_Web_Header-1.png","width":382,"height":109,"caption":"ArTec GmbH"},"image":{"@id":"https:\/\/ar-tec.at\/#\/schema\/logo\/image\/"}},{"@type":"Person","@id":"https:\/\/ar-tec.at\/#\/schema\/person\/2ab7423adbcff23d736bb8d2d457d632","name":"admin","image":{"@type":"ImageObject","inLanguage":"de","@id":"https:\/\/secure.gravatar.com\/avatar\/13c59355c4081ce67ace8cddcb7fcc6554e4458cc17a320dd54e687bc80810a4?s=96&d=mm&r=g","url":"https:\/\/secure.gravatar.com\/avatar\/13c59355c4081ce67ace8cddcb7fcc6554e4458cc17a320dd54e687bc80810a4?s=96&d=mm&r=g","contentUrl":"https:\/\/secure.gravatar.com\/avatar\/13c59355c4081ce67ace8cddcb7fcc6554e4458cc17a320dd54e687bc80810a4?s=96&d=mm&r=g","caption":"admin"},"sameAs":["https:\/\/ar-tec.at"],"url":"https:\/\/ar-tec.at\/index.php\/author\/mediadome\/"}]}},"jetpack_featured_media_url":"https:\/\/ar-tec.at\/wp-content\/uploads\/2021\/03\/projektleiter.jpeg","_links":{"self":[{"href":"https:\/\/ar-tec.at\/index.php\/wp-json\/wp\/v2\/posts\/641","targetHints":{"allow":["GET"]}}],"collection":[{"href":"https:\/\/ar-tec.at\/index.php\/wp-json\/wp\/v2\/posts"}],"about":[{"href":"https:\/\/ar-tec.at\/index.php\/wp-json\/wp\/v2\/types\/post"}],"author":[{"embeddable":true,"href":"https:\/\/ar-tec.at\/index.php\/wp-json\/wp\/v2\/users\/1"}],"replies":[{"embeddable":true,"href":"https:\/\/ar-tec.at\/index.php\/wp-json\/wp\/v2\/comments?post=641"}],"version-history":[{"count":8,"href":"https:\/\/ar-tec.at\/index.php\/wp-json\/wp\/v2\/posts\/641\/revisions"}],"predecessor-version":[{"id":681,"href":"https:\/\/ar-tec.at\/index.php\/wp-json\/wp\/v2\/posts\/641\/revisions\/681"}],"wp:featuredmedia":[{"embeddable":true,"href":"https:\/\/ar-tec.at\/index.php\/wp-json\/wp\/v2\/media\/590"}],"wp:attachment":[{"href":"https:\/\/ar-tec.at\/index.php\/wp-json\/wp\/v2\/media?parent=641"}],"wp:term":[{"taxonomy":"category","embeddable":true,"href":"https:\/\/ar-tec.at\/index.php\/wp-json\/wp\/v2\/categories?post=641"},{"taxonomy":"post_tag","embeddable":true,"href":"https:\/\/ar-tec.at\/index.php\/wp-json\/wp\/v2\/tags?post=641"}],"curies":[{"name":"wp","href":"https:\/\/api.w.org\/{rel}","templated":true}]}}